{"id":557,"date":"2018-04-19T20:12:26","date_gmt":"2018-04-19T20:12:26","guid":{"rendered":"https:\/\/endo.ba\/?p=557"},"modified":"2021-09-22T20:14:37","modified_gmt":"2021-09-22T20:14:37","slug":"danas-je-u-sarajevu-poceo-sa-radom-2-kongres-endokrinologa-i-dijabetologa-sa-medjunarodnim-ucescem","status":"publish","type":"post","link":"https:\/\/endo.ba\/en\/danas-je-u-sarajevu-poceo-sa-radom-2-kongres-endokrinologa-i-dijabetologa-sa-medjunarodnim-ucescem\/","title":{"rendered":"Danas je u Sarajevu po\u010deo sa radom 2.kongres endokrinologa i dijabetologa sa me\u0111unarodnim u\u010de\u0161\u0107em."},"content":{"rendered":"<p>Danas je u Sarajevu po\u010deo sa radom 2.kongres endokrinologa i dijabetologa sa me\u0111unarodnim u\u010de\u0161\u0107em. Kongres \u0107e trajati do 22.aprila, a organizator kongresa je Udru\u017eenje endokrinologa i dijabetologa u BiH.<\/p>\n<p>Kao jedan od problema sa kojima se endokrinolozi u ovom trenutku suo\u010davaju u BiH ali i u regiji prof. dr Zelija Velija A\u0161imi, predsjednica Udru\u017eenja endokrinologa i predsjednica kongresa navela je \u010dinjenicu da se jako mali broj osoba bavi dijagnostikom i lije\u010denjem endokrinolo\u0161kih bolesti, dok sa druge strane, rapidno raste broj pacijenata sa nekim od endokrinolo\u0161kih poreme\u0107aja.<\/p>\n<p>Preko 200 stru\u010dnjaka iz BiH, regiona i\u00a0 svijeta razmatrati \u0107e najnovije na\u010dine tretmana bolesti hipofize,\u00a0 bolesti \u0161titne i paratiroidne \u017elijezde, metaboli\u010dke bolesti kostiju, bolesti nadbubrega, reproduktivna endokrinologija,\u00a0 \u0161e\u0107erna bolest, gojaznost, te druge rijetke bolesti u endokrinologiji.<\/p>\n<p>Rasim Jusufovi\u0107, direktor kompanije &#8220;Novo Nordisk&#8221; za podru\u010dje BiH, Kosova i Albanije koja je kompanija partner kongresa istakao je da izuzetno cijene saradnju sa endokrinolozima u BiH te naglasio: \u201eNa\u0161a kompanija fokusirana je na stalni razvoj novih, inovativnih terapija imaju samo jedan cilj, u\u010diniti ih dostupnim svakom pacijentu\u201c.<\/p>\n<p>Predava\u010di na Kongresu su eminentni stru\u010dnjaci iz oblasti endokrinologije i dijabetologije iz cijele Bosne i Hercegovine, ali i eksperti svjetskog renomea iz 9 drugih zemalja kao \u0161to su Akademik Profesor Neboj\u0161a Lali\u0107 (Srbija), Profesor Sehnaz Karadeniz (Turska), Profesor George Mastorakos (Gr\u010dka), Profesor \u0110uro Macut (Srbija), Profesor Marija Pfiefer (Slovenija), Profesor Tatjana Milenkovi\u0107 (Makedonija), Akademik Profesor Dragan Mici\u0107 (Srbija), Profesor Florian Toti (Albanija), Profesor Slaven Koki\u0107 (Hrvatska), Prof. dr Toma\u017e Kocjan (Slovenija), Doc. dr Dario Raheli\u0107 (Hrvatska), Prof. dr Andrej Janez (Slovenija, Prof. dr Maja Radman (Hrvatska), predava\u010di iz Austrije, Crne Gore i drugi.<\/p>\n<p>&nbsp;<\/p>\n<p><img fetchpriority=\"high\" decoding=\"async\" class=\"alignnone wp-image-559 size-medium\" src=\"https:\/\/endo.ba\/wp-content\/uploads\/2021\/09\/Rasim-Jusufovic-1-300x243.jpg\" alt=\"\" width=\"300\" height=\"243\" srcset=\"https:\/\/endo.ba\/wp-content\/uploads\/2021\/09\/Rasim-Jusufovic-1-300x243.jpg 300w, https:\/\/endo.ba\/wp-content\/uploads\/2021\/09\/Rasim-Jusufovic-1-1024x830.jpg 1024w, https:\/\/endo.ba\/wp-content\/uploads\/2021\/09\/Rasim-Jusufovic-1-768x622.jpg 768w, https:\/\/endo.ba\/wp-content\/uploads\/2021\/09\/Rasim-Jusufovic-1-15x12.jpg 15w, https:\/\/endo.ba\/wp-content\/uploads\/2021\/09\/Rasim-Jusufovic-1.jpg 1118w\" sizes=\"(max-width: 300px) 100vw, 300px\" \/><\/p>","protected":false},"excerpt":{"rendered":"<p>Danas je u Sarajevu po\u010deo sa radom 2.kongres endokrinologa i dijabetologa sa me\u0111unarodnim u\u010de\u0161\u0107em. Kongres \u0107e trajati do 22.aprila, a organizator kongresa je Udru\u017eenje endokrinologa i dijabetologa u BiH. Kao jedan od problema sa kojima se endokrinolozi u ovom trenutku suo\u010davaju u BiH ali i u regiji prof. dr Zelija Velija A\u0161imi, predsjednica Udru\u017eenja endokrinologa&hellip; <a class=\"more-link\" href=\"https:\/\/endo.ba\/en\/danas-je-u-sarajevu-poceo-sa-radom-2-kongres-endokrinologa-i-dijabetologa-sa-medjunarodnim-ucescem\/\">Continue reading <span class=\"screen-reader-text\">Danas je u Sarajevu po\u010deo sa radom 2.kongres endokrinologa i dijabetologa sa me\u0111unarodnim u\u010de\u0161\u0107em.<\/span><\/a><\/p>","protected":false},"author":1,"featured_media":558,"comment_status":"open","ping_status":"open","sticky":false,"template":"","format":"standard","meta":{"footnotes":""},"categories":[1],"tags":[],"class_list":["post-557","post","type-post","status-publish","format-standard","has-post-thumbnail","hentry","category-uncategorized","entry"],"_links":{"self":[{"href":"https:\/\/endo.ba\/en\/wp-json\/wp\/v2\/posts\/557","targetHints":{"allow":["GET"]}}],"collection":[{"href":"https:\/\/endo.ba\/en\/wp-json\/wp\/v2\/posts"}],"about":[{"href":"https:\/\/endo.ba\/en\/wp-json\/wp\/v2\/types\/post"}],"author":[{"embeddable":true,"href":"https:\/\/endo.ba\/en\/wp-json\/wp\/v2\/users\/1"}],"replies":[{"embeddable":true,"href":"https:\/\/endo.ba\/en\/wp-json\/wp\/v2\/comments?post=557"}],"version-history":[{"count":0,"href":"https:\/\/endo.ba\/en\/wp-json\/wp\/v2\/posts\/557\/revisions"}],"wp:featuredmedia":[{"embeddable":true,"href":"https:\/\/endo.ba\/en\/wp-json\/wp\/v2\/media\/558"}],"wp:attachment":[{"href":"https:\/\/endo.ba\/en\/wp-json\/wp\/v2\/media?parent=557"}],"wp:term":[{"taxonomy":"category","embeddable":true,"href":"https:\/\/endo.ba\/en\/wp-json\/wp\/v2\/categories?post=557"},{"taxonomy":"post_tag","embeddable":true,"href":"https:\/\/endo.ba\/en\/wp-json\/wp\/v2\/tags?post=557"}],"curies":[{"name":"wp","href":"https:\/\/api.w.org\/{rel}","templated":true}]}}