{"id":1065,"date":"2022-05-22T15:25:54","date_gmt":"2022-05-22T15:25:54","guid":{"rendered":"https:\/\/endo.ba\/?p=1065"},"modified":"2022-05-22T15:26:28","modified_gmt":"2022-05-22T15:26:28","slug":"saopstenje-za-javnost-prvi-evropski-dan-hormona","status":"publish","type":"post","link":"https:\/\/endo.ba\/en\/saopstenje-za-javnost-prvi-evropski-dan-hormona\/","title":{"rendered":"SAOP\u0160TENJE ZA JAVNOST PRVI EVROPSKI DAN HORMONA"},"content":{"rendered":"<p data-ogsc=\"black\">Evropsko udru\u017eenje endokrinologa (The\u00a0<a href=\"https:\/\/www.ese-hormones.org\/\" target=\"_blank\" rel=\"noopener noreferrer\" data-auth=\"NotApplicable\" data-linkindex=\"0\" data-ogsc=\"rgb(5, 99, 193)\"><span data-ogsc=\"blue\">European Society of Endocrinology<\/span><\/a><a href=\"https:\/\/www.ese-hormones.org\/\" target=\"_blank\" rel=\"noopener noreferrer\" data-auth=\"NotApplicable\" data-linkindex=\"1\" data-ogsc=\"rgb(5, 99, 193)\"><span data-ogsc=\"black\">\u00a0<\/span><\/a>\u2013\u00a0 ESE), zajedno sa Evropskom fondacijom za hormone i metabolizam (<a href=\"https:\/\/www.ese-hormones.org\/about-us\/ese-foundation\/\" target=\"_blank\" rel=\"noopener noreferrer\" data-auth=\"NotApplicable\" data-linkindex=\"2\" data-ogsc=\"rgb(5, 99, 193)\"><span data-ogsc=\"blue\">European Hormone and Metabolism<\/span><\/a><a href=\"https:\/\/www.ese-hormones.org\/about-us\/ese-foundation\/\" target=\"_blank\" rel=\"noopener noreferrer\" data-auth=\"NotApplicable\" data-linkindex=\"3\" data-ogsc=\"rgb(5, 99, 193)\"><span data-ogsc=\"blue\">\u00a0<\/span><\/a><a href=\"https:\/\/www.ese-hormones.org\/about-us\/ese-foundation\/\" target=\"_blank\" rel=\"noopener noreferrer\" data-auth=\"NotApplicable\" data-linkindex=\"4\" data-ogsc=\"rgb(5, 99, 193)\"><span data-ogsc=\"blue\">Foundation<\/span><\/a><a href=\"https:\/\/www.ese-hormones.org\/about-us\/ese-foundation\/\" target=\"_blank\" rel=\"noopener noreferrer\" data-auth=\"NotApplicable\" data-linkindex=\"5\" data-ogsc=\"rgb(5, 99, 193)\"><span data-ogsc=\"black\">\u00a0<\/span><\/a>\u2013\u00a0 ESE Foundation), a u suradnji sa partnerskim udru\u017eenjima\/udrugama, uklju\u010duju\u0107i Udru\u017eenje\/Udrugu endokrinologa i dijabetologa u Bosni i Hercegovini, po prvi put obilje\u017eava\u00a0<b>Evropski dan hormona<\/b>\u00a0\u2013\u00a0<b>23. maja 2022<\/b>. godine.\u00a0<span data-ogsc=\"rgb(33, 29, 30)\">Povodom prvog Evropskog dana hormona, pozivamo sve na ja\u010du inkluziju perspektive endokrinog zdravlja, kao integralnog dijela Evropskih zdravstvenih politika kao i onih zemalja \u010dlanica Evropske Unije, koje su potpisnice ESE Bijelog papira o hormonima u Evropskim zdravstvenim politikama (<\/span><a href=\"https:\/\/www.ese-hormones.org\/advocacy\/eses-white-paper\/\" target=\"_blank\" rel=\"noopener noreferrer\" data-auth=\"NotApplicable\" data-linkindex=\"6\" data-ogsc=\"rgb(5, 99, 193)\"><span data-ogsc=\"blue\">ESE White Paper on<\/span><\/a><a href=\"https:\/\/www.ese-hormones.org\/advocacy\/eses-white-paper\/\" target=\"_blank\" rel=\"noopener noreferrer\" data-auth=\"NotApplicable\" data-linkindex=\"7\" data-ogsc=\"rgb(5, 99, 193)\"><span data-ogsc=\"blue\">\u00a0<\/span><\/a><a href=\"https:\/\/www.ese-hormones.org\/advocacy\/eses-white-paper\/\" target=\"_blank\" rel=\"noopener noreferrer\" data-auth=\"NotApplicable\" data-linkindex=\"8\" data-ogsc=\"rgb(5, 99, 193)\"><span data-ogsc=\"blue\">Hormones in European Health Policies<\/span><\/a><a href=\"https:\/\/www.ese-hormones.org\/advocacy\/eses-white-paper\/\" target=\"_blank\" rel=\"noopener noreferrer\" data-auth=\"NotApplicable\" data-linkindex=\"9\" data-ogsc=\"rgb(5, 99, 193)\"><span data-ogsc=\"blue\">)<\/span><\/a><u><span data-ogsc=\"blue\">,\u00a0<\/span><\/u><span data-ogsc=\"rgb(33, 29, 30)\">(objavljen u maju 2021. godine).\u00a0 Na\u0161i glavni zahtjevi sa\u017eeti su u Milanskoj deklaraciji<\/span><a href=\"https:\/\/www.ese-hormones.org\/advocacy\/european-hormone-day\/the-milano-declaration\/\" target=\"_blank\" rel=\"noopener noreferrer\" data-auth=\"NotApplicable\" data-linkindex=\"10\" data-ogsc=\"rgb(5, 99, 193)\"><span data-ogsc=\"rgb(33, 29, 30)\">\u00a0<\/span><\/a><a href=\"https:\/\/www.ese-hormones.org\/advocacy\/european-hormone-day\/the-milano-declaration\/\" target=\"_blank\" rel=\"noopener noreferrer\" data-auth=\"NotApplicable\" data-linkindex=\"11\" data-ogsc=\"rgb(5, 99, 193)\"><span data-ogsc=\"blue\">Milan<\/span><\/a><a href=\"https:\/\/www.ese-hormones.org\/advocacy\/european-hormone-day\/the-milano-declaration\/\" target=\"_blank\" rel=\"noopener noreferrer\" data-auth=\"NotApplicable\" data-linkindex=\"12\" data-ogsc=\"rgb(5, 99, 193)\"><span data-ogsc=\"blue\">o\u00a0<\/span><\/a><a href=\"https:\/\/www.ese-hormones.org\/advocacy\/european-hormone-day\/the-milano-declaration\/\" target=\"_blank\" rel=\"noopener noreferrer\" data-auth=\"NotApplicable\" data-linkindex=\"13\" data-ogsc=\"rgb(5, 99, 193)\"><span data-ogsc=\"blue\">Declaration<\/span><\/a><a href=\"https:\/\/www.ese-hormones.org\/advocacy\/european-hormone-day\/the-milano-declaration\/\" target=\"_blank\" rel=\"noopener noreferrer\" data-auth=\"NotApplicable\" data-linkindex=\"14\" data-ogsc=\"rgb(5, 99, 193)\"><span data-ogsc=\"rgb(33, 29, 30)\">\u00a0<\/span><\/a><span data-ogsc=\"rgb(33, 29, 30)\">koja je izra\u0111ena povodom Evropskog dana hormona, koji \u0107e ako se bude implementirao napraviti zna\u010dajnu razliku u zdravlju i dobrobiti evropskog stanovni\u0161tva.\u00a0<\/span><\/p>\n<p data-ogsc=\"black\"><span data-ogsc=\"rgb(33, 29, 30)\">\u00a0U ime na\u0161eg udru\u017eenja i cjelokupne Evropske endokrine zajednice, \u017eeljeli bismo da zatra\u017eimo va\u0161u podr\u0161ku u pomaganju podizanja svijesti o Evropskom danu hormona i da nam se pridru\u017eite u prepoznavanju mnogih endokrinih bolesti, uklju\u010duju\u0107i hroni\u010dne bolesti, kao \u0161to su gojaznost, dijabetes, \u0161titnja\u010da, kancer i osteroporoza. To tako\u0111e uklju\u010duje preduzimanje koraka za sigurnije okru\u017eenje, uglavnom smanjenjem izlo\u017eenosti i utjecaju takozvanih \u201cendokrinih disruptora\u201d na osjetljive grupe stanovnika, kao \u0161to su trudnice, bebe i djeca u razvoju. Ova izlo\u017eenost je u vezi sa vi\u0161om incidencijom endokrinih bolesti. Nadamo se da pored podizanja svijesti, donosioci odluka odnosno autoriteti u vlasti mogu pomo\u0107i svojim zastupanjem za bolje integrisanje zdravlja hormona u budu\u0107im dr\u017eavnim i Evropskim zdravstvenim politikama i zakonodavstvu. Samo zajedno, mo\u017eemo umanjiti sada\u0161nju \u0161iroku rasprostranjenost endokrinih bolesti u Bosni i Hercegovini i ostatku Evrope.\u00a0\u00a0<\/span><\/p>\n<p data-ogsc=\"black\"><span data-ogsc=\"rgb(33, 29, 30)\">Konkretno za na\u0161u zemlju Bosnu i Hercegovinu, problematika oko gojaznosti, dijabetesa, bolesti \u0161titnja\u010de, neuroendokrinih tumora i rijetkih bolesti, zalu\u017euje vi\u0161e pa\u017enje zbog kontinuiranog porasta broja oboljelih od istih kao i sve \u010de\u0161\u0107a pojava istih u mla\u0111oj populaciji te nemogu\u010dnost adekvatnog tretiranja nekih od bolesti (rijetke bolesti).<\/span><\/p>\n<p data-ogsc=\"black\"><span data-ogsc=\"rgb(33, 29, 30)\">Molimo vas nemojte oklijevati da kontaktirate Udru\u017eenje endokrinologa i dijabetologa u Bosni i Hercegovini, ukoliko imate dodatnih pitanja o Evropskom danu hormona i\/ili zna\u010daju hormonskog zdravlja u vezi sa na\u0161im cjelokupnim zdravljem i dobrobiti.\u00a0 O vi\u0161e informacija o tome \u0161ta vi i va\u0161e osoblje mo\u017eete uraditi za va\u0161 anga\u017eman oko dana podizanja svijesti, \u017eeljeli bismo da vas uputimo na web sajt Evropskog dana hormona: <\/span><a href=\"http:\/\/www.europeanhormoneday.org\/\" target=\"_blank\" rel=\"noopener noreferrer\" data-auth=\"NotApplicable\" data-linkindex=\"15\" data-ogsc=\"rgb(5, 99, 193)\">www.europeanhormoneday.org<\/a><span data-ogsc=\"rgb(33, 29, 30)\">\u00a0kao i na sajt na\u0161eg udru\u017eenja\u00a0<a href=\"https:\/\/endo.ba\/en\/\" target=\"_blank\" rel=\"noopener noreferrer\" data-auth=\"NotApplicable\" data-linkindex=\"16\" data-ogsc=\"rgb(5, 99, 193)\">www.endo.ba<\/a>\u00a0\u00a0 Na ovom sajtu dostupan je Radni pribor za dru\u0161tvene mre\u017ee, koji obuhvata primjere koji se mogu koristiti\u00a0 za va\u0161u podr\u0161ku na dru\u0161tvenim mre\u017eama.<\/span><\/p>","protected":false},"excerpt":{"rendered":"<p>Evropsko udru\u017eenje endokrinologa (The\u00a0European Society of Endocrinology\u00a0\u2013\u00a0 ESE), zajedno sa Evropskom fondacijom za hormone i metabolizam (European Hormone and Metabolism\u00a0Foundation\u00a0\u2013\u00a0 ESE Foundation), a u suradnji sa partnerskim udru\u017eenjima\/udrugama, uklju\u010duju\u0107i Udru\u017eenje\/Udrugu endokrinologa i dijabetologa u Bosni i Hercegovini, po prvi put obilje\u017eava\u00a0Evropski dan hormona\u00a0\u2013\u00a023. maja 2022. godine.\u00a0Povodom prvog Evropskog dana hormona, pozivamo sve na ja\u010du inkluziju&hellip; <a class=\"more-link\" href=\"https:\/\/endo.ba\/en\/saopstenje-za-javnost-prvi-evropski-dan-hormona\/\">Continue reading <span class=\"screen-reader-text\">SAOP\u0160TENJE ZA JAVNOST PRVI EVROPSKI DAN HORMONA<\/span><\/a><\/p>","protected":false},"author":1,"featured_media":0,"comment_status":"open","ping_status":"open","sticky":false,"template":"","format":"standard","meta":{"footnotes":""},"categories":[1],"tags":[],"class_list":["post-1065","post","type-post","status-publish","format-standard","hentry","category-uncategorized","entry"],"_links":{"self":[{"href":"https:\/\/endo.ba\/en\/wp-json\/wp\/v2\/posts\/1065","targetHints":{"allow":["GET"]}}],"collection":[{"href":"https:\/\/endo.ba\/en\/wp-json\/wp\/v2\/posts"}],"about":[{"href":"https:\/\/endo.ba\/en\/wp-json\/wp\/v2\/types\/post"}],"author":[{"embeddable":true,"href":"https:\/\/endo.ba\/en\/wp-json\/wp\/v2\/users\/1"}],"replies":[{"embeddable":true,"href":"https:\/\/endo.ba\/en\/wp-json\/wp\/v2\/comments?post=1065"}],"version-history":[{"count":0,"href":"https:\/\/endo.ba\/en\/wp-json\/wp\/v2\/posts\/1065\/revisions"}],"wp:attachment":[{"href":"https:\/\/endo.ba\/en\/wp-json\/wp\/v2\/media?parent=1065"}],"wp:term":[{"taxonomy":"category","embeddable":true,"href":"https:\/\/endo.ba\/en\/wp-json\/wp\/v2\/categories?post=1065"},{"taxonomy":"post_tag","embeddable":true,"href":"https:\/\/endo.ba\/en\/wp-json\/wp\/v2\/tags?post=1065"}],"curies":[{"name":"wp","href":"https:\/\/api.w.org\/{rel}","templated":true}]}}